{"id":7629,"date":"2025-07-31T14:12:37","date_gmt":"2025-07-31T14:12:37","guid":{"rendered":"https:\/\/asofuer.com\/?p=7629"},"modified":"2026-04-24T09:13:31","modified_gmt":"2026-04-24T09:13:31","slug":"patronales-y-gobierno-impulsan-smart-data-canarias-una-plataforma-de-inteligencia-de-datos-que-mejorara-las-decisiones-turisticas-2","status":"publish","type":"post","link":"https:\/\/asofuer.com\/?p=7629","title":{"rendered":"Patronales y Gobierno impulsan \u2018Smart Data Canarias\u2019, una plataforma de inteligencia de datos que mejorar\u00e1 las decisiones tur\u00edsticas"},"content":{"rendered":"<p><strong>El proyecto cuenta con financiaci\u00f3n de la Consejer\u00eda de Turismo y Empleo y permitir\u00e1 medir, gestionar y demostrar el compromiso con un turismo m\u00e1s sostenible, responsable y competitivo<\/strong><\/p>\n<p>&nbsp;<\/p>\n<p>La Asociaci\u00f3n de Empresarios Tur\u00edsticos de Fuerteventura, <strong>Asofuer<\/strong>; la Federaci\u00f3n Tur\u00edstica de Lanzarote (<strong>FTL<\/strong>); la Federaci\u00f3n de Empresarios de Hosteler\u00eda y Turismo de Las Palmas (<strong>FEHT<\/strong>); y la Asociaci\u00f3n Hotelera y Extrahotelera de Tenerife, La Palma, La Gomera y El Hierro, <strong>Ashotel<\/strong>, presentaron esta ma\u00f1ana en <strong>Puerto del Rosario<\/strong>, junto a la consejera de Turismo y Empleo del Gobierno de Canarias, <strong>J\u00e9ssica de Le\u00f3n<\/strong>, el proyecto <strong>Smart Data Canarias<\/strong>, una plataforma de inteligencia de datos que se revela como un salto cualitativo en la competitividad del sector tur\u00edstico en Canarias. El proyecto est\u00e1 financiado por la Consejer\u00eda de Turismo y Empleo del Gobierno de Canarias con fondos europeos Next Generation EU, a trav\u00e9s del Plan de Recuperaci\u00f3n, Transformaci\u00f3n y Resiliencia (PRTR) del Gobierno de Espa\u00f1a.<\/p>\n<p>&nbsp;<\/p>\n<p>En la presentaci\u00f3n intervinieron los presidentes de Asofuer, <strong>Antonio Hormiga<\/strong>; Ashotel, <strong>Jorge Marichal<\/strong>; la presidenta de la FTL, <strong>Susana P\u00e9rez<\/strong>; y el vicepresidente de la FEHT, <strong>Fernando Estany<\/strong>, adem\u00e1s de la consejera de Turismo.<\/p>\n<p>&nbsp;<\/p>\n<p>El proyecto desarrolla un <strong>sistema de inteligencia tur\u00edstica<\/strong> basado en la captura, estructuraci\u00f3n y an\u00e1lisis de datos operativos, ambientales y de comportamiento del cliente, cuyo objetivo es optimizar procesos, reducir impactos y facilitar la toma de decisiones basada en evidencias. Adem\u00e1s, permitir\u00e1 medir, gestionar y demostrar el compromiso con un turismo m\u00e1s responsable y consciente.<\/p>\n<p>&nbsp;<\/p>\n<p>Los detalles de Smart Data Canarias se dieron a conocer esta ma\u00f1ana en el Palacio de Congresos de Fuerteventura, en una <strong>jornada t\u00e9cnica<\/strong> que reuni\u00f3 a profesionales del sector hotelero, expertos en anal\u00edtica de datos, responsables p\u00fablicos y empresas tecnol\u00f3gicas, que abordaron los retos y oportunidades de una transformaci\u00f3n digital orientada a la eficiencia, la sostenibilidad y la resiliencia del ecosistema tur\u00edstico.<\/p>\n<p>&nbsp;<\/p>\n<p>Una de las principales fortalezas de Smart Data Canarias reside en su <strong>modelo de gesti\u00f3n \u00e9tica y soberana<\/strong> de los datos tur\u00edsticos. A diferencia de muchas plataformas comerciales externas \u2013cuyo acceso y uso de la informaci\u00f3n est\u00e1n condicionados a intereses de mercado\u2013 esta herramienta ha sido dise\u00f1ada desde y para el sector tur\u00edstico canario, bajo la custodia de las asociaciones patronales.<\/p>\n<p><strong>\u00a0<\/strong><\/p>\n<p><strong>Tres fines principales<\/strong><\/p>\n<p>&nbsp;<\/p>\n<p>El proyecto se articula en torno a <strong>tres objetivos estrat\u00e9gicos fundamentales<\/strong>: en primer lugar, representa un salto cualitativo en la madurez digital del sector tur\u00edstico al introducir capacidades avanzadas de an\u00e1lisis y visualizaci\u00f3n de datos; en segundo lugar, establece una infraestructura que habilita el desarrollo de nuevas soluciones innovadoras en sostenibilidad, eficiencia y experiencia del cliente; y, en tercer lugar, refuerza la soberan\u00eda del dato al situar a las asociaciones hoteleras como entidades gestoras y custodias de la informaci\u00f3n, garantizando su uso responsable y orientado al inter\u00e9s colectivo, frente a modelos externalizados con fines comerciales.<\/p>\n<p><strong>\u00a0<\/strong><\/p>\n<p>Durante la bienvenida, <strong>Antonio Hormiga,<\/strong> coment\u00f3 que \u201cen el mundo empresarial, tomar decisiones acertadas requiere contar con informaci\u00f3n precisa, porque ya sabemos que lo que no se mide no se puede mejorar; por eso esta plataforma responde a una necesidad estructural del sector: disponer de una base de datos fiable, conectada y \u00fatil, que permita a cada establecimiento compararse con su entorno, optimizar su rendimiento y anticiparse a los retos del mercado\u201d.<\/p>\n<p>&nbsp;<\/p>\n<p>Por su parte, <strong>Jorge Marichal<\/strong> indic\u00f3 que este proyecto, \u201ca la vanguardia tecnol\u00f3gica del sector tur\u00edstico, supone un hito, ya que son las patronales las guardianas de la informaci\u00f3n, y reforzar\u00e1 la competitividad y mejora del sector, tanto de la parte privada como p\u00fablica.\u201d Marichal destac\u00f3 precisamente la importancia de esa colaboraci\u00f3n p\u00fablico-privada, pero incidi\u00f3 en que \u201cpara llegar ah\u00ed primero debemos reforzar la colaboraci\u00f3n privada-privada, que reforzar\u00e1 a las empresas en la toma de decisiones\u201d.<\/p>\n<ul>\n<li><\/li>\n<li>Asimismo, <strong>Susana P\u00e9rez<\/strong> dijo que con esta iniciativa se da \u201cun paso firme hacia una gesti\u00f3n m\u00e1s inteligente, eficiente y sostenible del turismo en las islas. Esta herramienta nos permitir\u00e1 tomar decisiones basadas en datos reales y en tiempo real, algo imprescindible para seguir siendo competitivos en un entorno cada vez m\u00e1s exigente. Es tambi\u00e9n un ejemplo claro de c\u00f3mo la colaboraci\u00f3n entre patronales, sector p\u00fablico y empresas tecnol\u00f3gicas puede generar valor y futuro para nuestro destino\u201d.<\/li>\n<li><\/li>\n<li>Tambi\u00e9n <strong>Fernando Estany<\/strong> calific\u00f3 el proyecto de \u201coportunidad \u00fanica para las patronales para poder acceder a datos agregados de los asociados, lo que significar\u00e1 tener una visi\u00f3n global y precisa del destino, de sus tendencias, de sus fortalezas y de sus \u00e1reas de mejora\u201d, y puso el foco tambi\u00e9n en que \u201cel futuro de nuestro modelo tur\u00edstico pasa por la eficiencia, el respeto al medioambiente y la contribuci\u00f3n positiva a nuestras comunidades\u201d.<\/li>\n<li><\/li>\n<li>Finalmente, <strong>J\u00e9ssica de Le\u00f3n<\/strong> explic\u00f3 que su departamento invierte 600.000 euros en esta herramienta que \u201csupone un paso hacia el futuro para conocer al minuto lo que est\u00e1 pasando en la industria tur\u00edstica canaria\u201d. La consejera dio las gracias a todo el equipo que ha trabajado de forma conjunta en un proyecto estrat\u00e9gico para la toma de decisiones, no solo privada, sino p\u00fablica.<\/li>\n<\/ul>\n<p>&nbsp;<\/p>\n<ul>\n<li>De Le\u00f3n lo calific\u00f3 de \u201chito\u201d, ya que \u201cno es habitual que las empresas compartan un bien tan preciado como son sus datos\u201d. \u201cSmart Data Canarias nos permitir\u00e1 adelantarnos a escenarios futuros y decidir y conocer c\u00f3mo viene la demanda tur\u00edstica en el conjunto del archipi\u00e9lago\u201d, coment\u00f3. Y en el marco del proyecto, la consejera anunci\u00f3 que \u201cla iniciativa es escalable\u201d y no solo se quedar\u00e1 en este piloto inicial, sino que \u201cen los pr\u00f3ximos meses avanzar\u00e1 hacia la formaci\u00f3n de profesionales en inteligencia artificial por parte de Hecansa, porque aqu\u00ed podemos hacerlo perfectamente y no tener que traer profesionales de fuera; de ah\u00ed la importancia de la cualificaci\u00f3n del personal en esta materia\u201d.<\/li>\n<\/ul>\n<p><strong>\u00a0<\/strong><\/p>\n<p><strong>Tratamiento, an\u00e1lisis y explotaci\u00f3n de datos<\/strong><\/p>\n<p>&nbsp;<\/p>\n<p>Para exponer las claves t\u00e9cnicas del proyecto intervino el gerente de Ashotel, <strong>Juan Pablo Gonz\u00e1lez<\/strong>, quien explic\u00f3 que la plataforma permite la captaci\u00f3n, tratamiento, an\u00e1lisis y explotaci\u00f3n de datos, procedentes de los establecimientos de alojamiento, mediante la conexi\u00f3n a herramientas de gestion (PMS), dispositivos IoT y otras bases de datos externas. En ese sentido, Smart Data Canarias estar\u00e1 compuesta por cuatro almacenes (uno por cada patronal) de datos en la nube, independientes, pero dise\u00f1ados para poder interconectar la informaci\u00f3n en el futuro. \u201cSi la inteligencia, el dato y la capacidad est\u00e1n aqu\u00ed, la tenemos aqu\u00ed en Canarias, \u00bfpor qu\u00e9 comprarla a empresas de fuera?\u201d, se pregunt\u00f3 Gonz\u00e1lez.<\/p>\n<p>&nbsp;<\/p>\n<p>La captaci\u00f3n y tratamiento de los datos veraces y fiables, a\u00f1adi\u00f3 el gerente de Ashotel, permitir\u00e1n la creaci\u00f3n de un <strong>cuadro de mando de indicadores de competitividad y sostenibilidad<\/strong> y adem\u00e1s, los hoteles integrados en el proyecto podr\u00e1n elegir un set competitivo de cinco establecimientos para compararse de forma an\u00f3nima. Ser\u00e1n datos segmentados por islas, zonas, por categor\u00eda de establecimientos\u2026 En definitiva, \u201cese cuadro de mando nos arrojar\u00e1 una foto de c\u00f3mo se est\u00e1n comportando esos indicadores\u201d, a\u00f1adi\u00f3.<\/p>\n<p>&nbsp;<\/p>\n<p>Por \u00faltimo, la jornada cont\u00f3 tambi\u00e9n con expertos en la seguridad de la informaci\u00f3n y la protecci\u00f3n del dato, como <strong>Daiana Lamela<\/strong>, socia del despacho especializado i+D Abogados; en el sector de los viajes, como <strong>Jorge N\u00fa\u00f1ez<\/strong>, CEO de Adquiver; en la transformaci\u00f3n hotelera a trav\u00e9s de la gesti\u00f3n inteligente del dato, como <strong>Antonio \u00c1lvarez<\/strong>, director de Evosocial Soft; o en destinos conectados, como <strong>Mayte Garc\u00eda<\/strong>, directora ejecutiva de Hosbec, quien cont\u00f3 la experiencia de su asociaci\u00f3n con el proyecto Biontrend, similar a Smart Data Canarias en la Comunidad Valenciana.<\/p>\n","protected":false},"excerpt":{"rendered":"<p>El proyecto cuenta con financiaci\u00f3n de la Consejer\u00eda de Turismo y Empleo y permitir\u00e1 medir, gestionar y demostrar el compromiso con un turismo m\u00e1s sostenible, responsable y competitivo &nbsp; La Asociaci\u00f3n de Empresarios Tur\u00edsticos de Fuerteventura, Asofuer; la Federaci\u00f3n Tur\u00edstica de Lanzarote (FTL); la Federaci\u00f3n de Empresarios de Hosteler\u00eda y Turismo de Las Palmas (FEHT); [&hellip;]<\/p>\n","protected":false},"author":2,"featured_media":7624,"comment_status":"open","ping_status":"open","sticky":false,"template":"","format":"standard","meta":{"inline_featured_image":false,"_jetpack_memberships_contains_paid_content":false,"footnotes":""},"categories":[1],"tags":[],"class_list":["post-7629","post","type-post","status-publish","format-standard","has-post-thumbnail","hentry","category-turismo"],"yoast_head":"<!-- This site is optimized with the Yoast SEO plugin v27.4 - https:\/\/yoast.com\/product\/yoast-seo-wordpress\/ -->\n<title>Patronales y Gobierno impulsan \u2018Smart Data Canarias\u2019, una plataforma de inteligencia de datos que mejorar\u00e1 las decisiones tur\u00edsticas - ASOFUER<\/title>\n<meta name=\"robots\" content=\"index, follow, max-snippet:-1, max-image-preview:large, max-video-preview:-1\" \/>\n<link rel=\"canonical\" href=\"https:\/\/asofuer.com\/?p=7629\" \/>\n<meta property=\"og:locale\" content=\"es_ES\" \/>\n<meta property=\"og:type\" content=\"article\" \/>\n<meta property=\"og:title\" content=\"Patronales y Gobierno impulsan \u2018Smart Data Canarias\u2019, una plataforma de inteligencia de datos que mejorar\u00e1 las decisiones tur\u00edsticas - ASOFUER\" \/>\n<meta property=\"og:description\" content=\"El proyecto cuenta con financiaci\u00f3n de la Consejer\u00eda de Turismo y Empleo y permitir\u00e1 medir, gestionar y demostrar el compromiso con un turismo m\u00e1s sostenible, responsable y competitivo &nbsp; La Asociaci\u00f3n de Empresarios Tur\u00edsticos de Fuerteventura, Asofuer; la Federaci\u00f3n Tur\u00edstica de Lanzarote (FTL); la Federaci\u00f3n de Empresarios de Hosteler\u00eda y Turismo de Las Palmas (FEHT); [&hellip;]\" \/>\n<meta property=\"og:url\" content=\"https:\/\/asofuer.com\/?p=7629\" \/>\n<meta property=\"og:site_name\" content=\"ASOFUER\" \/>\n<meta property=\"article:published_time\" content=\"2025-07-31T14:12:37+00:00\" \/>\n<meta property=\"article:modified_time\" content=\"2026-04-24T09:13:31+00:00\" \/>\n<meta property=\"og:image\" content=\"https:\/\/asofuer.com\/wp-content\/uploads\/2026\/04\/Imagen-de-WhatsApp-2025-07-31-a-las-11.56.05_8b805698.jpg\" \/>\n\t<meta property=\"og:image:width\" content=\"1600\" \/>\n\t<meta property=\"og:image:height\" content=\"1138\" \/>\n\t<meta property=\"og:image:type\" content=\"image\/jpeg\" \/>\n<meta name=\"author\" content=\"mario\" \/>\n<meta name=\"twitter:card\" content=\"summary_large_image\" \/>\n<meta name=\"twitter:label1\" content=\"Escrito por\" \/>\n\t<meta name=\"twitter:data1\" content=\"mario\" \/>\n\t<meta name=\"twitter:label2\" content=\"Tiempo de lectura\" \/>\n\t<meta name=\"twitter:data2\" content=\"6 minutos\" \/>\n<script type=\"application\/ld+json\" class=\"yoast-schema-graph\">{\"@context\":\"https:\\\/\\\/schema.org\",\"@graph\":[{\"@type\":\"Article\",\"@id\":\"https:\\\/\\\/asofuer.com\\\/?p=7629#article\",\"isPartOf\":{\"@id\":\"https:\\\/\\\/asofuer.com\\\/?p=7629\"},\"author\":{\"name\":\"mario\",\"@id\":\"https:\\\/\\\/asofuer.com\\\/#\\\/schema\\\/person\\\/883cfd2845144248d58c58d847db32c2\"},\"headline\":\"Patronales y Gobierno impulsan \u2018Smart Data Canarias\u2019, una plataforma de inteligencia de datos que mejorar\u00e1 las decisiones tur\u00edsticas\",\"datePublished\":\"2025-07-31T14:12:37+00:00\",\"dateModified\":\"2026-04-24T09:13:31+00:00\",\"mainEntityOfPage\":{\"@id\":\"https:\\\/\\\/asofuer.com\\\/?p=7629\"},\"wordCount\":1362,\"commentCount\":0,\"image\":{\"@id\":\"https:\\\/\\\/asofuer.com\\\/?p=7629#primaryimage\"},\"thumbnailUrl\":\"https:\\\/\\\/asofuer.com\\\/wp-content\\\/uploads\\\/2026\\\/04\\\/Imagen-de-WhatsApp-2025-07-31-a-las-11.56.05_8b805698.jpg\",\"articleSection\":[\"Turismo\"],\"inLanguage\":\"es\",\"potentialAction\":[{\"@type\":\"CommentAction\",\"name\":\"Comment\",\"target\":[\"https:\\\/\\\/asofuer.com\\\/?p=7629#respond\"]}]},{\"@type\":\"WebPage\",\"@id\":\"https:\\\/\\\/asofuer.com\\\/?p=7629\",\"url\":\"https:\\\/\\\/asofuer.com\\\/?p=7629\",\"name\":\"Patronales y Gobierno impulsan \u2018Smart Data Canarias\u2019, una plataforma de inteligencia de datos que mejorar\u00e1 las decisiones tur\u00edsticas - ASOFUER\",\"isPartOf\":{\"@id\":\"https:\\\/\\\/asofuer.com\\\/#website\"},\"primaryImageOfPage\":{\"@id\":\"https:\\\/\\\/asofuer.com\\\/?p=7629#primaryimage\"},\"image\":{\"@id\":\"https:\\\/\\\/asofuer.com\\\/?p=7629#primaryimage\"},\"thumbnailUrl\":\"https:\\\/\\\/asofuer.com\\\/wp-content\\\/uploads\\\/2026\\\/04\\\/Imagen-de-WhatsApp-2025-07-31-a-las-11.56.05_8b805698.jpg\",\"datePublished\":\"2025-07-31T14:12:37+00:00\",\"dateModified\":\"2026-04-24T09:13:31+00:00\",\"author\":{\"@id\":\"https:\\\/\\\/asofuer.com\\\/#\\\/schema\\\/person\\\/883cfd2845144248d58c58d847db32c2\"},\"breadcrumb\":{\"@id\":\"https:\\\/\\\/asofuer.com\\\/?p=7629#breadcrumb\"},\"inLanguage\":\"es\",\"potentialAction\":[{\"@type\":\"ReadAction\",\"target\":[\"https:\\\/\\\/asofuer.com\\\/?p=7629\"]}]},{\"@type\":\"ImageObject\",\"inLanguage\":\"es\",\"@id\":\"https:\\\/\\\/asofuer.com\\\/?p=7629#primaryimage\",\"url\":\"https:\\\/\\\/asofuer.com\\\/wp-content\\\/uploads\\\/2026\\\/04\\\/Imagen-de-WhatsApp-2025-07-31-a-las-11.56.05_8b805698.jpg\",\"contentUrl\":\"https:\\\/\\\/asofuer.com\\\/wp-content\\\/uploads\\\/2026\\\/04\\\/Imagen-de-WhatsApp-2025-07-31-a-las-11.56.05_8b805698.jpg\",\"width\":1600,\"height\":1138},{\"@type\":\"BreadcrumbList\",\"@id\":\"https:\\\/\\\/asofuer.com\\\/?p=7629#breadcrumb\",\"itemListElement\":[{\"@type\":\"ListItem\",\"position\":1,\"name\":\"Portada\",\"item\":\"https:\\\/\\\/asofuer.com\\\/\"},{\"@type\":\"ListItem\",\"position\":2,\"name\":\"Patronales y Gobierno impulsan \u2018Smart Data Canarias\u2019, una plataforma de inteligencia de datos que mejorar\u00e1 las decisiones tur\u00edsticas\"}]},{\"@type\":\"WebSite\",\"@id\":\"https:\\\/\\\/asofuer.com\\\/#website\",\"url\":\"https:\\\/\\\/asofuer.com\\\/\",\"name\":\"ASOFUER\",\"description\":\"Asociaci\u00f3n de Empresarias y Empresarios Tur\u00edsticos de Fuerteventura\",\"potentialAction\":[{\"@type\":\"SearchAction\",\"target\":{\"@type\":\"EntryPoint\",\"urlTemplate\":\"https:\\\/\\\/asofuer.com\\\/?s={search_term_string}\"},\"query-input\":{\"@type\":\"PropertyValueSpecification\",\"valueRequired\":true,\"valueName\":\"search_term_string\"}}],\"inLanguage\":\"es\"},{\"@type\":\"Person\",\"@id\":\"https:\\\/\\\/asofuer.com\\\/#\\\/schema\\\/person\\\/883cfd2845144248d58c58d847db32c2\",\"name\":\"mario\",\"image\":{\"@type\":\"ImageObject\",\"inLanguage\":\"es\",\"@id\":\"https:\\\/\\\/secure.gravatar.com\\\/avatar\\\/4c5e12947493dbb449e63584b06906a5aee792fc091d33641c40fc966b1af796?s=96&d=mm&r=g\",\"url\":\"https:\\\/\\\/secure.gravatar.com\\\/avatar\\\/4c5e12947493dbb449e63584b06906a5aee792fc091d33641c40fc966b1af796?s=96&d=mm&r=g\",\"contentUrl\":\"https:\\\/\\\/secure.gravatar.com\\\/avatar\\\/4c5e12947493dbb449e63584b06906a5aee792fc091d33641c40fc966b1af796?s=96&d=mm&r=g\",\"caption\":\"mario\"},\"url\":\"https:\\\/\\\/asofuer.com\\\/?author=2\"}]}<\/script>\n<!-- \/ Yoast SEO plugin. -->","yoast_head_json":{"title":"Patronales y Gobierno impulsan \u2018Smart Data Canarias\u2019, una plataforma de inteligencia de datos que mejorar\u00e1 las decisiones tur\u00edsticas - ASOFUER","robots":{"index":"index","follow":"follow","max-snippet":"max-snippet:-1","max-image-preview":"max-image-preview:large","max-video-preview":"max-video-preview:-1"},"canonical":"https:\/\/asofuer.com\/?p=7629","og_locale":"es_ES","og_type":"article","og_title":"Patronales y Gobierno impulsan \u2018Smart Data Canarias\u2019, una plataforma de inteligencia de datos que mejorar\u00e1 las decisiones tur\u00edsticas - ASOFUER","og_description":"El proyecto cuenta con financiaci\u00f3n de la Consejer\u00eda de Turismo y Empleo y permitir\u00e1 medir, gestionar y demostrar el compromiso con un turismo m\u00e1s sostenible, responsable y competitivo &nbsp; La Asociaci\u00f3n de Empresarios Tur\u00edsticos de Fuerteventura, Asofuer; la Federaci\u00f3n Tur\u00edstica de Lanzarote (FTL); la Federaci\u00f3n de Empresarios de Hosteler\u00eda y Turismo de Las Palmas (FEHT); [&hellip;]","og_url":"https:\/\/asofuer.com\/?p=7629","og_site_name":"ASOFUER","article_published_time":"2025-07-31T14:12:37+00:00","article_modified_time":"2026-04-24T09:13:31+00:00","og_image":[{"width":1600,"height":1138,"url":"https:\/\/asofuer.com\/wp-content\/uploads\/2026\/04\/Imagen-de-WhatsApp-2025-07-31-a-las-11.56.05_8b805698.jpg","type":"image\/jpeg"}],"author":"mario","twitter_card":"summary_large_image","twitter_misc":{"Escrito por":"mario","Tiempo de lectura":"6 minutos"},"schema":{"@context":"https:\/\/schema.org","@graph":[{"@type":"Article","@id":"https:\/\/asofuer.com\/?p=7629#article","isPartOf":{"@id":"https:\/\/asofuer.com\/?p=7629"},"author":{"name":"mario","@id":"https:\/\/asofuer.com\/#\/schema\/person\/883cfd2845144248d58c58d847db32c2"},"headline":"Patronales y Gobierno impulsan \u2018Smart Data Canarias\u2019, una plataforma de inteligencia de datos que mejorar\u00e1 las decisiones tur\u00edsticas","datePublished":"2025-07-31T14:12:37+00:00","dateModified":"2026-04-24T09:13:31+00:00","mainEntityOfPage":{"@id":"https:\/\/asofuer.com\/?p=7629"},"wordCount":1362,"commentCount":0,"image":{"@id":"https:\/\/asofuer.com\/?p=7629#primaryimage"},"thumbnailUrl":"https:\/\/asofuer.com\/wp-content\/uploads\/2026\/04\/Imagen-de-WhatsApp-2025-07-31-a-las-11.56.05_8b805698.jpg","articleSection":["Turismo"],"inLanguage":"es","potentialAction":[{"@type":"CommentAction","name":"Comment","target":["https:\/\/asofuer.com\/?p=7629#respond"]}]},{"@type":"WebPage","@id":"https:\/\/asofuer.com\/?p=7629","url":"https:\/\/asofuer.com\/?p=7629","name":"Patronales y Gobierno impulsan \u2018Smart Data Canarias\u2019, una plataforma de inteligencia de datos que mejorar\u00e1 las decisiones tur\u00edsticas - ASOFUER","isPartOf":{"@id":"https:\/\/asofuer.com\/#website"},"primaryImageOfPage":{"@id":"https:\/\/asofuer.com\/?p=7629#primaryimage"},"image":{"@id":"https:\/\/asofuer.com\/?p=7629#primaryimage"},"thumbnailUrl":"https:\/\/asofuer.com\/wp-content\/uploads\/2026\/04\/Imagen-de-WhatsApp-2025-07-31-a-las-11.56.05_8b805698.jpg","datePublished":"2025-07-31T14:12:37+00:00","dateModified":"2026-04-24T09:13:31+00:00","author":{"@id":"https:\/\/asofuer.com\/#\/schema\/person\/883cfd2845144248d58c58d847db32c2"},"breadcrumb":{"@id":"https:\/\/asofuer.com\/?p=7629#breadcrumb"},"inLanguage":"es","potentialAction":[{"@type":"ReadAction","target":["https:\/\/asofuer.com\/?p=7629"]}]},{"@type":"ImageObject","inLanguage":"es","@id":"https:\/\/asofuer.com\/?p=7629#primaryimage","url":"https:\/\/asofuer.com\/wp-content\/uploads\/2026\/04\/Imagen-de-WhatsApp-2025-07-31-a-las-11.56.05_8b805698.jpg","contentUrl":"https:\/\/asofuer.com\/wp-content\/uploads\/2026\/04\/Imagen-de-WhatsApp-2025-07-31-a-las-11.56.05_8b805698.jpg","width":1600,"height":1138},{"@type":"BreadcrumbList","@id":"https:\/\/asofuer.com\/?p=7629#breadcrumb","itemListElement":[{"@type":"ListItem","position":1,"name":"Portada","item":"https:\/\/asofuer.com\/"},{"@type":"ListItem","position":2,"name":"Patronales y Gobierno impulsan \u2018Smart Data Canarias\u2019, una plataforma de inteligencia de datos que mejorar\u00e1 las decisiones tur\u00edsticas"}]},{"@type":"WebSite","@id":"https:\/\/asofuer.com\/#website","url":"https:\/\/asofuer.com\/","name":"ASOFUER","description":"Asociaci\u00f3n de Empresarias y Empresarios Tur\u00edsticos de Fuerteventura","potentialAction":[{"@type":"SearchAction","target":{"@type":"EntryPoint","urlTemplate":"https:\/\/asofuer.com\/?s={search_term_string}"},"query-input":{"@type":"PropertyValueSpecification","valueRequired":true,"valueName":"search_term_string"}}],"inLanguage":"es"},{"@type":"Person","@id":"https:\/\/asofuer.com\/#\/schema\/person\/883cfd2845144248d58c58d847db32c2","name":"mario","image":{"@type":"ImageObject","inLanguage":"es","@id":"https:\/\/secure.gravatar.com\/avatar\/4c5e12947493dbb449e63584b06906a5aee792fc091d33641c40fc966b1af796?s=96&d=mm&r=g","url":"https:\/\/secure.gravatar.com\/avatar\/4c5e12947493dbb449e63584b06906a5aee792fc091d33641c40fc966b1af796?s=96&d=mm&r=g","contentUrl":"https:\/\/secure.gravatar.com\/avatar\/4c5e12947493dbb449e63584b06906a5aee792fc091d33641c40fc966b1af796?s=96&d=mm&r=g","caption":"mario"},"url":"https:\/\/asofuer.com\/?author=2"}]}},"jetpack_featured_media_url":"https:\/\/asofuer.com\/wp-content\/uploads\/2026\/04\/Imagen-de-WhatsApp-2025-07-31-a-las-11.56.05_8b805698.jpg","jetpack_sharing_enabled":true,"_links":{"self":[{"href":"https:\/\/asofuer.com\/index.php?rest_route=\/wp\/v2\/posts\/7629","targetHints":{"allow":["GET"]}}],"collection":[{"href":"https:\/\/asofuer.com\/index.php?rest_route=\/wp\/v2\/posts"}],"about":[{"href":"https:\/\/asofuer.com\/index.php?rest_route=\/wp\/v2\/types\/post"}],"author":[{"embeddable":true,"href":"https:\/\/asofuer.com\/index.php?rest_route=\/wp\/v2\/users\/2"}],"replies":[{"embeddable":true,"href":"https:\/\/asofuer.com\/index.php?rest_route=%2Fwp%2Fv2%2Fcomments&post=7629"}],"version-history":[{"count":1,"href":"https:\/\/asofuer.com\/index.php?rest_route=\/wp\/v2\/posts\/7629\/revisions"}],"predecessor-version":[{"id":7630,"href":"https:\/\/asofuer.com\/index.php?rest_route=\/wp\/v2\/posts\/7629\/revisions\/7630"}],"wp:featuredmedia":[{"embeddable":true,"href":"https:\/\/asofuer.com\/index.php?rest_route=\/wp\/v2\/media\/7624"}],"wp:attachment":[{"href":"https:\/\/asofuer.com\/index.php?rest_route=%2Fwp%2Fv2%2Fmedia&parent=7629"}],"wp:term":[{"taxonomy":"category","embeddable":true,"href":"https:\/\/asofuer.com\/index.php?rest_route=%2Fwp%2Fv2%2Fcategories&post=7629"},{"taxonomy":"post_tag","embeddable":true,"href":"https:\/\/asofuer.com\/index.php?rest_route=%2Fwp%2Fv2%2Ftags&post=7629"}],"curies":[{"name":"wp","href":"https:\/\/api.w.org\/{rel}","templated":true}]}}