{"id":7626,"date":"2025-07-28T11:07:20","date_gmt":"2025-07-28T11:07:20","guid":{"rendered":"https:\/\/asofuer.com\/?p=7626"},"modified":"2026-04-24T09:10:14","modified_gmt":"2026-04-24T09:10:14","slug":"las-patronales-turisticas-canarias-presentan-en-fuerteventura-el-proyecto-smart-data-canarias","status":"publish","type":"post","link":"https:\/\/asofuer.com\/?p=7626","title":{"rendered":"Las patronales tur\u00edsticas canarias presentan en Fuerteventura el proyecto \u2018Smart Data Canarias\u2019"},"content":{"rendered":"<p><strong>Fuerteventura el proyecto \u2018Smart Data Canarias\u2019<\/strong><\/p>\n<p>&nbsp;<\/p>\n<ul>\n<li><strong>Se trata de un sistema pionero de inteligencia tur\u00edstica que impulsan Asofuer, Ashotel, FEHT y FTL y que cuenta con una subvenci\u00f3n directa de del Gobierno de Canarias a trav\u00e9s de los fondos Next Generation EU<\/strong><\/li>\n<\/ul>\n<p><strong>\u00a0<\/strong><\/p>\n<ul>\n<li><strong>Las empresas asociadas podr\u00e1n implementar de forma gratuita este sistema que permitir\u00e1 analizar en tiempo real los indicadores de sostenibilidad y competitividad del sector alojativo canario<\/strong><\/li>\n<\/ul>\n<p>Puerto del Rosario, 28 de julio de 2025.- Las patronales tur\u00edsticas de Canarias, <strong>Asofuer, Ashotel, FEHT y FTL<\/strong> presentar\u00e1n este jueves 31 de julio, a las 10:00 horas, en el Palacio de Formaci\u00f3n y Congresos de Fuerteventura, el proyecto <strong>`Smart Data Canarias\u00b4<\/strong>. Se trata de una herramienta tecnol\u00f3gica innovadora que permitir\u00e1 analizar en tiempo real los indicadores de sostenibilidad y competitividad del sector alojativo canario y convertir Canarias en referente en cuanto al uso de datos en la toma de decisiones.<\/p>\n<p>Los presidentes de las entidades promotoras, que han constituido la red<strong> Smart Data Canarias<\/strong>, Antonio Hormiga, Jorge Marichal, Jos\u00e9 Mar\u00eda Ma\u00f1aricua y Susana P\u00e9rez, dar\u00e1n a conocer esta herramienta que evidencia la apuesta decidida <strong>por la innovaci\u00f3n y por poner en manos de los establecimientos datos reales que permitir\u00e1n la correcta toma de decisiones.<\/strong><\/p>\n<p>En la presentaci\u00f3n tambi\u00e9n participar\u00e1 la consejera de Turismo del Gobierno de Canarias, J\u00e9ssica de Le\u00f3n, que colabora con el proyecto con una subvenci\u00f3n directa de casi 600.000 euros, que se enmarca en el Plan de Recuperaci\u00f3n, Transformaci\u00f3n y Resiliencia y con cargo a los fondos europeos Next Generation EU.<\/p>\n<p>La jornada reunir\u00e1 a profesionales del sector hotelero, expertos en anal\u00edtica de datos, instituciones p\u00fablicas y empresas tecnol\u00f3gicas para abordar algunos de los retos y oportunidades de una transformaci\u00f3n digital orientada a la eficiencia, la sostenibilidad y la resiliencia del ecosistema tur\u00edstico.<\/p>\n<p><strong>\u00a0<\/strong><\/p>\n<p><strong>\u00a0<\/strong><\/p>\n<p><strong>Cuatro almacenes de datos y un cuadro de mando com\u00fan<\/strong><\/p>\n<p>\u2018Smart Data Canarias\u2019 contempla la creaci\u00f3n de cuatro almacenes de datos en la nube, uno por cada patronal, que funcionar\u00e1n de forma aut\u00f3noma pero estructurados de manera que los datos puedan compararse, \u201cpermitiendo compartir informaci\u00f3n clave sin comprometer la privacidad de los establecimientos\u201d, seg\u00fan explicaron los promotores.<\/p>\n<p>Adem\u00e1s, se desarrollar\u00e1 un cuadro de mando compartido con indicadores clave del sector, que recoger\u00e1 datos procedentes de los sistemas de gesti\u00f3n hotelera (PMS) y dispositivos IoT instalados en los alojamientos.<\/p>\n<p>Este cuadro permitir\u00e1 a las patronales y a los establecimientos adheridos monitorizar en tiempo real aspectos como ocupaci\u00f3n, eficiencia energ\u00e9tica o pr\u00e1cticas sostenibles.<\/p>\n<p><strong>Una hoja de ruta en siete fases<\/strong><\/p>\n<p>\u2019Smart Data Canarias\u2019 se ejecutar\u00e1 a lo largo de siete fases, que incluyen desde el an\u00e1lisis inicial de necesidades hasta un proyecto piloto en cada isla, pasando por la formaci\u00f3n a establecimientos y un plan de comunicaci\u00f3n para fomentar la adhesi\u00f3n de nuevos participantes.<\/p>\n<p>El proyecto representa un ejemplo de colaboraci\u00f3n p\u00fablico-privada en el uso estrat\u00e9gico de los fondos europeos. La subvenci\u00f3n cubre el 100% de los costes del proyecto y es incompatible con otras ayudas para el mismo fin.<\/p>\n<p>El proyecto est\u00e1 financiado por la Consejer\u00eda de Turismo y Empleo del Gobierno de Canarias con fondos europeos Next Generation EU a trav\u00e9s del Plan de Recuperaci\u00f3n, Transformaci\u00f3n y Resiliencia (PRTR) del Gobierno de Espa\u00f1a.<\/p>\n","protected":false},"excerpt":{"rendered":"<p>Fuerteventura el proyecto \u2018Smart Data Canarias\u2019 &nbsp; Se trata de un sistema pionero de inteligencia tur\u00edstica que impulsan Asofuer, Ashotel, FEHT y FTL y que cuenta con una subvenci\u00f3n directa de del Gobierno de Canarias a trav\u00e9s de los fondos Next Generation EU \u00a0 Las empresas asociadas podr\u00e1n implementar de forma gratuita este sistema que [&hellip;]<\/p>\n","protected":false},"author":2,"featured_media":7627,"comment_status":"open","ping_status":"open","sticky":false,"template":"","format":"standard","meta":{"inline_featured_image":false,"_jetpack_memberships_contains_paid_content":false,"footnotes":""},"categories":[1],"tags":[],"class_list":["post-7626","post","type-post","status-publish","format-standard","has-post-thumbnail","hentry","category-turismo"],"yoast_head":"<!-- This site is optimized with the Yoast SEO plugin v27.4 - https:\/\/yoast.com\/product\/yoast-seo-wordpress\/ -->\n<title>Las patronales tur\u00edsticas canarias presentan en Fuerteventura el proyecto \u2018Smart Data Canarias\u2019 - ASOFUER<\/title>\n<meta name=\"robots\" content=\"index, follow, max-snippet:-1, max-image-preview:large, max-video-preview:-1\" \/>\n<link rel=\"canonical\" href=\"https:\/\/asofuer.com\/?p=7626\" \/>\n<meta property=\"og:locale\" content=\"es_ES\" \/>\n<meta property=\"og:type\" content=\"article\" \/>\n<meta property=\"og:title\" content=\"Las patronales tur\u00edsticas canarias presentan en Fuerteventura el proyecto \u2018Smart Data Canarias\u2019 - ASOFUER\" \/>\n<meta property=\"og:description\" content=\"Fuerteventura el proyecto \u2018Smart Data Canarias\u2019 &nbsp; Se trata de un sistema pionero de inteligencia tur\u00edstica que impulsan Asofuer, Ashotel, FEHT y FTL y que cuenta con una subvenci\u00f3n directa de del Gobierno de Canarias a trav\u00e9s de los fondos Next Generation EU \u00a0 Las empresas asociadas podr\u00e1n implementar de forma gratuita este sistema que [&hellip;]\" \/>\n<meta property=\"og:url\" content=\"https:\/\/asofuer.com\/?p=7626\" \/>\n<meta property=\"og:site_name\" content=\"ASOFUER\" \/>\n<meta property=\"article:published_time\" content=\"2025-07-28T11:07:20+00:00\" \/>\n<meta property=\"article:modified_time\" content=\"2026-04-24T09:10:14+00:00\" \/>\n<meta property=\"og:image\" content=\"https:\/\/asofuer.com\/wp-content\/uploads\/2026\/04\/Cartel-819x1024.png\" \/>\n\t<meta property=\"og:image:width\" content=\"819\" \/>\n\t<meta property=\"og:image:height\" content=\"1024\" \/>\n\t<meta property=\"og:image:type\" content=\"image\/png\" \/>\n<meta name=\"author\" content=\"mario\" \/>\n<meta name=\"twitter:card\" content=\"summary_large_image\" \/>\n<meta name=\"twitter:label1\" content=\"Escrito por\" \/>\n\t<meta name=\"twitter:data1\" content=\"mario\" \/>\n\t<meta name=\"twitter:label2\" content=\"Tiempo de lectura\" \/>\n\t<meta name=\"twitter:data2\" content=\"3 minutos\" \/>\n<script type=\"application\/ld+json\" class=\"yoast-schema-graph\">{\"@context\":\"https:\\\/\\\/schema.org\",\"@graph\":[{\"@type\":\"Article\",\"@id\":\"https:\\\/\\\/asofuer.com\\\/?p=7626#article\",\"isPartOf\":{\"@id\":\"https:\\\/\\\/asofuer.com\\\/?p=7626\"},\"author\":{\"name\":\"mario\",\"@id\":\"https:\\\/\\\/asofuer.com\\\/#\\\/schema\\\/person\\\/883cfd2845144248d58c58d847db32c2\"},\"headline\":\"Las patronales tur\u00edsticas canarias presentan en Fuerteventura el proyecto \u2018Smart Data Canarias\u2019\",\"datePublished\":\"2025-07-28T11:07:20+00:00\",\"dateModified\":\"2026-04-24T09:10:14+00:00\",\"mainEntityOfPage\":{\"@id\":\"https:\\\/\\\/asofuer.com\\\/?p=7626\"},\"wordCount\":587,\"commentCount\":0,\"image\":{\"@id\":\"https:\\\/\\\/asofuer.com\\\/?p=7626#primaryimage\"},\"thumbnailUrl\":\"https:\\\/\\\/asofuer.com\\\/wp-content\\\/uploads\\\/2026\\\/04\\\/Cartel.png\",\"articleSection\":[\"Turismo\"],\"inLanguage\":\"es\",\"potentialAction\":[{\"@type\":\"CommentAction\",\"name\":\"Comment\",\"target\":[\"https:\\\/\\\/asofuer.com\\\/?p=7626#respond\"]}]},{\"@type\":\"WebPage\",\"@id\":\"https:\\\/\\\/asofuer.com\\\/?p=7626\",\"url\":\"https:\\\/\\\/asofuer.com\\\/?p=7626\",\"name\":\"Las patronales tur\u00edsticas canarias presentan en Fuerteventura el proyecto \u2018Smart Data Canarias\u2019 - ASOFUER\",\"isPartOf\":{\"@id\":\"https:\\\/\\\/asofuer.com\\\/#website\"},\"primaryImageOfPage\":{\"@id\":\"https:\\\/\\\/asofuer.com\\\/?p=7626#primaryimage\"},\"image\":{\"@id\":\"https:\\\/\\\/asofuer.com\\\/?p=7626#primaryimage\"},\"thumbnailUrl\":\"https:\\\/\\\/asofuer.com\\\/wp-content\\\/uploads\\\/2026\\\/04\\\/Cartel.png\",\"datePublished\":\"2025-07-28T11:07:20+00:00\",\"dateModified\":\"2026-04-24T09:10:14+00:00\",\"author\":{\"@id\":\"https:\\\/\\\/asofuer.com\\\/#\\\/schema\\\/person\\\/883cfd2845144248d58c58d847db32c2\"},\"breadcrumb\":{\"@id\":\"https:\\\/\\\/asofuer.com\\\/?p=7626#breadcrumb\"},\"inLanguage\":\"es\",\"potentialAction\":[{\"@type\":\"ReadAction\",\"target\":[\"https:\\\/\\\/asofuer.com\\\/?p=7626\"]}]},{\"@type\":\"ImageObject\",\"inLanguage\":\"es\",\"@id\":\"https:\\\/\\\/asofuer.com\\\/?p=7626#primaryimage\",\"url\":\"https:\\\/\\\/asofuer.com\\\/wp-content\\\/uploads\\\/2026\\\/04\\\/Cartel.png\",\"contentUrl\":\"https:\\\/\\\/asofuer.com\\\/wp-content\\\/uploads\\\/2026\\\/04\\\/Cartel.png\",\"width\":1080,\"height\":1350},{\"@type\":\"BreadcrumbList\",\"@id\":\"https:\\\/\\\/asofuer.com\\\/?p=7626#breadcrumb\",\"itemListElement\":[{\"@type\":\"ListItem\",\"position\":1,\"name\":\"Portada\",\"item\":\"https:\\\/\\\/asofuer.com\\\/\"},{\"@type\":\"ListItem\",\"position\":2,\"name\":\"Las patronales tur\u00edsticas canarias presentan en Fuerteventura el proyecto \u2018Smart Data Canarias\u2019\"}]},{\"@type\":\"WebSite\",\"@id\":\"https:\\\/\\\/asofuer.com\\\/#website\",\"url\":\"https:\\\/\\\/asofuer.com\\\/\",\"name\":\"ASOFUER\",\"description\":\"Asociaci\u00f3n de Empresarias y Empresarios Tur\u00edsticos de Fuerteventura\",\"potentialAction\":[{\"@type\":\"SearchAction\",\"target\":{\"@type\":\"EntryPoint\",\"urlTemplate\":\"https:\\\/\\\/asofuer.com\\\/?s={search_term_string}\"},\"query-input\":{\"@type\":\"PropertyValueSpecification\",\"valueRequired\":true,\"valueName\":\"search_term_string\"}}],\"inLanguage\":\"es\"},{\"@type\":\"Person\",\"@id\":\"https:\\\/\\\/asofuer.com\\\/#\\\/schema\\\/person\\\/883cfd2845144248d58c58d847db32c2\",\"name\":\"mario\",\"image\":{\"@type\":\"ImageObject\",\"inLanguage\":\"es\",\"@id\":\"https:\\\/\\\/secure.gravatar.com\\\/avatar\\\/4c5e12947493dbb449e63584b06906a5aee792fc091d33641c40fc966b1af796?s=96&d=mm&r=g\",\"url\":\"https:\\\/\\\/secure.gravatar.com\\\/avatar\\\/4c5e12947493dbb449e63584b06906a5aee792fc091d33641c40fc966b1af796?s=96&d=mm&r=g\",\"contentUrl\":\"https:\\\/\\\/secure.gravatar.com\\\/avatar\\\/4c5e12947493dbb449e63584b06906a5aee792fc091d33641c40fc966b1af796?s=96&d=mm&r=g\",\"caption\":\"mario\"},\"url\":\"https:\\\/\\\/asofuer.com\\\/?author=2\"}]}<\/script>\n<!-- \/ Yoast SEO plugin. -->","yoast_head_json":{"title":"Las patronales tur\u00edsticas canarias presentan en Fuerteventura el proyecto \u2018Smart Data Canarias\u2019 - ASOFUER","robots":{"index":"index","follow":"follow","max-snippet":"max-snippet:-1","max-image-preview":"max-image-preview:large","max-video-preview":"max-video-preview:-1"},"canonical":"https:\/\/asofuer.com\/?p=7626","og_locale":"es_ES","og_type":"article","og_title":"Las patronales tur\u00edsticas canarias presentan en Fuerteventura el proyecto \u2018Smart Data Canarias\u2019 - ASOFUER","og_description":"Fuerteventura el proyecto \u2018Smart Data Canarias\u2019 &nbsp; Se trata de un sistema pionero de inteligencia tur\u00edstica que impulsan Asofuer, Ashotel, FEHT y FTL y que cuenta con una subvenci\u00f3n directa de del Gobierno de Canarias a trav\u00e9s de los fondos Next Generation EU \u00a0 Las empresas asociadas podr\u00e1n implementar de forma gratuita este sistema que [&hellip;]","og_url":"https:\/\/asofuer.com\/?p=7626","og_site_name":"ASOFUER","article_published_time":"2025-07-28T11:07:20+00:00","article_modified_time":"2026-04-24T09:10:14+00:00","og_image":[{"width":819,"height":1024,"url":"https:\/\/asofuer.com\/wp-content\/uploads\/2026\/04\/Cartel-819x1024.png","type":"image\/png"}],"author":"mario","twitter_card":"summary_large_image","twitter_misc":{"Escrito por":"mario","Tiempo de lectura":"3 minutos"},"schema":{"@context":"https:\/\/schema.org","@graph":[{"@type":"Article","@id":"https:\/\/asofuer.com\/?p=7626#article","isPartOf":{"@id":"https:\/\/asofuer.com\/?p=7626"},"author":{"name":"mario","@id":"https:\/\/asofuer.com\/#\/schema\/person\/883cfd2845144248d58c58d847db32c2"},"headline":"Las patronales tur\u00edsticas canarias presentan en Fuerteventura el proyecto \u2018Smart Data Canarias\u2019","datePublished":"2025-07-28T11:07:20+00:00","dateModified":"2026-04-24T09:10:14+00:00","mainEntityOfPage":{"@id":"https:\/\/asofuer.com\/?p=7626"},"wordCount":587,"commentCount":0,"image":{"@id":"https:\/\/asofuer.com\/?p=7626#primaryimage"},"thumbnailUrl":"https:\/\/asofuer.com\/wp-content\/uploads\/2026\/04\/Cartel.png","articleSection":["Turismo"],"inLanguage":"es","potentialAction":[{"@type":"CommentAction","name":"Comment","target":["https:\/\/asofuer.com\/?p=7626#respond"]}]},{"@type":"WebPage","@id":"https:\/\/asofuer.com\/?p=7626","url":"https:\/\/asofuer.com\/?p=7626","name":"Las patronales tur\u00edsticas canarias presentan en Fuerteventura el proyecto \u2018Smart Data Canarias\u2019 - ASOFUER","isPartOf":{"@id":"https:\/\/asofuer.com\/#website"},"primaryImageOfPage":{"@id":"https:\/\/asofuer.com\/?p=7626#primaryimage"},"image":{"@id":"https:\/\/asofuer.com\/?p=7626#primaryimage"},"thumbnailUrl":"https:\/\/asofuer.com\/wp-content\/uploads\/2026\/04\/Cartel.png","datePublished":"2025-07-28T11:07:20+00:00","dateModified":"2026-04-24T09:10:14+00:00","author":{"@id":"https:\/\/asofuer.com\/#\/schema\/person\/883cfd2845144248d58c58d847db32c2"},"breadcrumb":{"@id":"https:\/\/asofuer.com\/?p=7626#breadcrumb"},"inLanguage":"es","potentialAction":[{"@type":"ReadAction","target":["https:\/\/asofuer.com\/?p=7626"]}]},{"@type":"ImageObject","inLanguage":"es","@id":"https:\/\/asofuer.com\/?p=7626#primaryimage","url":"https:\/\/asofuer.com\/wp-content\/uploads\/2026\/04\/Cartel.png","contentUrl":"https:\/\/asofuer.com\/wp-content\/uploads\/2026\/04\/Cartel.png","width":1080,"height":1350},{"@type":"BreadcrumbList","@id":"https:\/\/asofuer.com\/?p=7626#breadcrumb","itemListElement":[{"@type":"ListItem","position":1,"name":"Portada","item":"https:\/\/asofuer.com\/"},{"@type":"ListItem","position":2,"name":"Las patronales tur\u00edsticas canarias presentan en Fuerteventura el proyecto \u2018Smart Data Canarias\u2019"}]},{"@type":"WebSite","@id":"https:\/\/asofuer.com\/#website","url":"https:\/\/asofuer.com\/","name":"ASOFUER","description":"Asociaci\u00f3n de Empresarias y Empresarios Tur\u00edsticos de Fuerteventura","potentialAction":[{"@type":"SearchAction","target":{"@type":"EntryPoint","urlTemplate":"https:\/\/asofuer.com\/?s={search_term_string}"},"query-input":{"@type":"PropertyValueSpecification","valueRequired":true,"valueName":"search_term_string"}}],"inLanguage":"es"},{"@type":"Person","@id":"https:\/\/asofuer.com\/#\/schema\/person\/883cfd2845144248d58c58d847db32c2","name":"mario","image":{"@type":"ImageObject","inLanguage":"es","@id":"https:\/\/secure.gravatar.com\/avatar\/4c5e12947493dbb449e63584b06906a5aee792fc091d33641c40fc966b1af796?s=96&d=mm&r=g","url":"https:\/\/secure.gravatar.com\/avatar\/4c5e12947493dbb449e63584b06906a5aee792fc091d33641c40fc966b1af796?s=96&d=mm&r=g","contentUrl":"https:\/\/secure.gravatar.com\/avatar\/4c5e12947493dbb449e63584b06906a5aee792fc091d33641c40fc966b1af796?s=96&d=mm&r=g","caption":"mario"},"url":"https:\/\/asofuer.com\/?author=2"}]}},"jetpack_featured_media_url":"https:\/\/asofuer.com\/wp-content\/uploads\/2026\/04\/Cartel.png","jetpack_sharing_enabled":true,"_links":{"self":[{"href":"https:\/\/asofuer.com\/index.php?rest_route=\/wp\/v2\/posts\/7626","targetHints":{"allow":["GET"]}}],"collection":[{"href":"https:\/\/asofuer.com\/index.php?rest_route=\/wp\/v2\/posts"}],"about":[{"href":"https:\/\/asofuer.com\/index.php?rest_route=\/wp\/v2\/types\/post"}],"author":[{"embeddable":true,"href":"https:\/\/asofuer.com\/index.php?rest_route=\/wp\/v2\/users\/2"}],"replies":[{"embeddable":true,"href":"https:\/\/asofuer.com\/index.php?rest_route=%2Fwp%2Fv2%2Fcomments&post=7626"}],"version-history":[{"count":1,"href":"https:\/\/asofuer.com\/index.php?rest_route=\/wp\/v2\/posts\/7626\/revisions"}],"predecessor-version":[{"id":7628,"href":"https:\/\/asofuer.com\/index.php?rest_route=\/wp\/v2\/posts\/7626\/revisions\/7628"}],"wp:featuredmedia":[{"embeddable":true,"href":"https:\/\/asofuer.com\/index.php?rest_route=\/wp\/v2\/media\/7627"}],"wp:attachment":[{"href":"https:\/\/asofuer.com\/index.php?rest_route=%2Fwp%2Fv2%2Fmedia&parent=7626"}],"wp:term":[{"taxonomy":"category","embeddable":true,"href":"https:\/\/asofuer.com\/index.php?rest_route=%2Fwp%2Fv2%2Fcategories&post=7626"},{"taxonomy":"post_tag","embeddable":true,"href":"https:\/\/asofuer.com\/index.php?rest_route=%2Fwp%2Fv2%2Ftags&post=7626"}],"curies":[{"name":"wp","href":"https:\/\/api.w.org\/{rel}","templated":true}]}}