{"id":7537,"date":"2025-02-25T09:35:25","date_gmt":"2025-02-25T09:35:25","guid":{"rendered":"https:\/\/asofuer.com\/?p=7537"},"modified":"2025-02-25T09:35:25","modified_gmt":"2025-02-25T09:35:25","slug":"desayunos-laborales-2025-reduccion-de-jornada-y-salario-minimo-en-el-centro-del-debate-empresarial","status":"publish","type":"post","link":"https:\/\/asofuer.com\/?p=7537","title":{"rendered":"Desayunos Laborales 2025: Reducci\u00f3n de Jornada y Salario M\u00ednimo en el Centro del Debate Empresarial"},"content":{"rendered":"<p>Fuerteventura, 22 de febrero de 2025 \u2013 Los Desayunos Laborales de GEHOCAN han concluido su d\u00e9cima edici\u00f3n en un evento que ha reunido a profesionales del \u00e1mbito laboral en el Palacio de Formaci\u00f3n y Congresos de Fuerteventura. Organizado en colaboraci\u00f3n con ASOFUER, este encuentro anual ha sido una oportunidad crucial para abordar los cambios legislativos que est\u00e1n dando forma al panorama laboral del a\u00f1o. <strong>Resumen del Evento:<\/strong> Durante esta jornada informativa, se cont\u00f3 con la presencia de destacados expertos tanto del sector laboral como de la administraci\u00f3n p\u00fablica. Representantes de la Direcci\u00f3n General de Trabajo, el Servicio P\u00fablico de Empleo Estatal, la Tesorer\u00eda General de la Seguridad Social y la Inspecci\u00f3n de Trabajo se unieron para ofrecer una visi\u00f3n integral de las nuevas leyes y regulaciones laborales. <strong>Temas Destacados:<\/strong><\/p>\n<ol>\n<li><strong>Reforma Laboral:<\/strong> Se analizaron en profundidad los cambios significativos en contrataci\u00f3n, jornada laboral, despido y negociaci\u00f3n colectiva introducidos por esta reforma.<\/li>\n<li><strong>Nueva Ley de Seguridad Social:<\/strong> Los participantes tuvieron la oportunidad de comprender c\u00f3mo esta legislaci\u00f3n, vigente desde el 1 de enero de 2024, afecta al sistema de pensiones y otras prestaciones sociales.<\/li>\n<li><strong>Prevenci\u00f3n de Riesgos Laborales:<\/strong> Se compartieron las \u00faltimas novedades y mejores pr\u00e1cticas en materia de seguridad en el lugar de trabajo.<\/li>\n<\/ol>\n<p><strong>Reflexiones Finales:<\/strong> Los Desayunos Laborales no solo proporcionaron una valiosa actualizaci\u00f3n legislativa, sino que tambi\u00e9n fomentaron el intercambio de conocimientos y experiencias entre los profesionales del sector. Este evento sirvi\u00f3 como un espacio de networking invaluable para fortalecer la comunidad de Recursos Humanos en Fuerteventura.<\/p>\n<p>Se trata de jornadas que permiten \u201cno solo crear sinergias y solventar dudas que en el d\u00eda a d\u00eda puedan surgir en el \u00e1mbito del trabajo sino tambi\u00e9n de ofrecer claves y herramientas que puedan ayudar a los participantes a mejorar su desempe\u00f1o\u201d, seg\u00fan destaca la presidenta de GEHOCAN y directora de RRHH de Gloria Thalasso &amp; Hotels, Sonia Mart\u00ednez.<\/p>\n<p>&nbsp;<\/p>\n<p>El objetivo com\u00fan de \u201cayudar a los profesionales a conocer las \u00faltimas novedades legislativas que se producen y que ata\u00f1en a su \u00e1mbito laboral, y a plantear dudas o cuestiones relevantes para el sector que pueden ser interesantes para todos los presentes\u201d, explic\u00f3 el presidente de Asofuer, Antonio Hormiga.<\/p>\n<p>Representantes de los principales organismos p\u00fablicos relacionados con el trabajo, Seguridad Social, Servicio P\u00fablico de Empleo Estatal (SEPE) y la Inspecci\u00f3n de Trabajo, as\u00ed como los despachos de abogados de prestigio asociados a GEHOCAN\u00a0 como Garrigues, Montero Aramburu, Aguilar Abogados y Pwc participan en estas jornadas que constituyen una firme apuesta por la colaboraci\u00f3n p\u00fablico-privada \u201cen aras de mejorar las competencias laborales de los equipos, ganando en productividad y tambi\u00e9n en bienestar laboral\u201d.<\/p>\n<p>Tras la intervenci\u00f3n de los ponentes, se proceder\u00e1 al turno de ruegos y preguntas por parte de los asistentes, \u201cuna de las partes m\u00e1s interesantes de los encuentros que permite a los participantes poner sobre la mesa y despejar todas las dudas que les puedan surgir a las que, referentes en la materia, van a dar respuesta\u201d, concluy\u00f3 la presidenta de GEHOCAN, Sonia Mart\u00ednez.<\/p>\n","protected":false},"excerpt":{"rendered":"<p>Fuerteventura, 22 de febrero de 2025 \u2013 Los Desayunos Laborales de GEHOCAN han concluido su d\u00e9cima edici\u00f3n en un evento que ha reunido a profesionales del \u00e1mbito laboral en el Palacio de Formaci\u00f3n y Congresos de Fuerteventura. Organizado en colaboraci\u00f3n con ASOFUER, este encuentro anual ha sido una oportunidad crucial para abordar los cambios legislativos [&hellip;]<\/p>\n","protected":false},"author":5,"featured_media":7538,"comment_status":"open","ping_status":"open","sticky":false,"template":"","format":"standard","meta":{"inline_featured_image":false,"_jetpack_memberships_contains_paid_content":false,"footnotes":""},"categories":[178],"tags":[210,231,224],"class_list":["post-7537","post","type-post","status-publish","format-standard","has-post-thumbnail","hentry","category-empleo","tag-asofuer","tag-desyuno-laboral","tag-gehocan"],"yoast_head":"<!-- This site is optimized with the Yoast SEO plugin v27.5 - https:\/\/yoast.com\/product\/yoast-seo-wordpress\/ -->\n<title>Desayunos Laborales 2025: Reducci\u00f3n de Jornada y Salario M\u00ednimo en el Centro del Debate Empresarial - ASOFUER<\/title>\n<meta name=\"robots\" content=\"index, follow, max-snippet:-1, max-image-preview:large, max-video-preview:-1\" \/>\n<link rel=\"canonical\" href=\"https:\/\/asofuer.com\/?p=7537\" \/>\n<meta property=\"og:locale\" content=\"es_ES\" \/>\n<meta property=\"og:type\" content=\"article\" \/>\n<meta property=\"og:title\" content=\"Desayunos Laborales 2025: Reducci\u00f3n de Jornada y Salario M\u00ednimo en el Centro del Debate Empresarial - ASOFUER\" \/>\n<meta property=\"og:description\" content=\"Fuerteventura, 22 de febrero de 2025 \u2013 Los Desayunos Laborales de GEHOCAN han concluido su d\u00e9cima edici\u00f3n en un evento que ha reunido a profesionales del \u00e1mbito laboral en el Palacio de Formaci\u00f3n y Congresos de Fuerteventura. Organizado en colaboraci\u00f3n con ASOFUER, este encuentro anual ha sido una oportunidad crucial para abordar los cambios legislativos [&hellip;]\" \/>\n<meta property=\"og:url\" content=\"https:\/\/asofuer.com\/?p=7537\" \/>\n<meta property=\"og:site_name\" content=\"ASOFUER\" \/>\n<meta property=\"article:published_time\" content=\"2025-02-25T09:35:25+00:00\" \/>\n<meta property=\"og:image\" content=\"https:\/\/asofuer.com\/wp-content\/uploads\/2025\/02\/20250220_091541-scaled.jpg\" \/>\n\t<meta property=\"og:image:width\" content=\"2560\" \/>\n\t<meta property=\"og:image:height\" content=\"1442\" \/>\n\t<meta property=\"og:image:type\" content=\"image\/jpeg\" \/>\n<meta name=\"author\" content=\"DOVILE\" \/>\n<meta name=\"twitter:card\" content=\"summary_large_image\" \/>\n<meta name=\"twitter:label1\" content=\"Escrito por\" \/>\n\t<meta name=\"twitter:data1\" content=\"DOVILE\" \/>\n\t<meta name=\"twitter:label2\" content=\"Tiempo de lectura\" \/>\n\t<meta name=\"twitter:data2\" content=\"3 minutos\" \/>\n<script type=\"application\/ld+json\" class=\"yoast-schema-graph\">{\"@context\":\"https:\\\/\\\/schema.org\",\"@graph\":[{\"@type\":\"Article\",\"@id\":\"https:\\\/\\\/asofuer.com\\\/?p=7537#article\",\"isPartOf\":{\"@id\":\"https:\\\/\\\/asofuer.com\\\/?p=7537\"},\"author\":{\"name\":\"DOVILE\",\"@id\":\"https:\\\/\\\/asofuer.com\\\/#\\\/schema\\\/person\\\/54d1eb5dec7f5f199ebfb05a76d21fc3\"},\"headline\":\"Desayunos Laborales 2025: Reducci\u00f3n de Jornada y Salario M\u00ednimo en el Centro del Debate Empresarial\",\"datePublished\":\"2025-02-25T09:35:25+00:00\",\"mainEntityOfPage\":{\"@id\":\"https:\\\/\\\/asofuer.com\\\/?p=7537\"},\"wordCount\":544,\"commentCount\":0,\"image\":{\"@id\":\"https:\\\/\\\/asofuer.com\\\/?p=7537#primaryimage\"},\"thumbnailUrl\":\"https:\\\/\\\/asofuer.com\\\/wp-content\\\/uploads\\\/2025\\\/02\\\/20250220_091541-scaled.jpg\",\"keywords\":[\"Asofuer\",\"desyuno laboral\",\"Gehocan\"],\"articleSection\":[\"Empleo\"],\"inLanguage\":\"es\",\"potentialAction\":[{\"@type\":\"CommentAction\",\"name\":\"Comment\",\"target\":[\"https:\\\/\\\/asofuer.com\\\/?p=7537#respond\"]}]},{\"@type\":\"WebPage\",\"@id\":\"https:\\\/\\\/asofuer.com\\\/?p=7537\",\"url\":\"https:\\\/\\\/asofuer.com\\\/?p=7537\",\"name\":\"Desayunos Laborales 2025: Reducci\u00f3n de Jornada y Salario M\u00ednimo en el Centro del Debate Empresarial - ASOFUER\",\"isPartOf\":{\"@id\":\"https:\\\/\\\/asofuer.com\\\/#website\"},\"primaryImageOfPage\":{\"@id\":\"https:\\\/\\\/asofuer.com\\\/?p=7537#primaryimage\"},\"image\":{\"@id\":\"https:\\\/\\\/asofuer.com\\\/?p=7537#primaryimage\"},\"thumbnailUrl\":\"https:\\\/\\\/asofuer.com\\\/wp-content\\\/uploads\\\/2025\\\/02\\\/20250220_091541-scaled.jpg\",\"datePublished\":\"2025-02-25T09:35:25+00:00\",\"author\":{\"@id\":\"https:\\\/\\\/asofuer.com\\\/#\\\/schema\\\/person\\\/54d1eb5dec7f5f199ebfb05a76d21fc3\"},\"breadcrumb\":{\"@id\":\"https:\\\/\\\/asofuer.com\\\/?p=7537#breadcrumb\"},\"inLanguage\":\"es\",\"potentialAction\":[{\"@type\":\"ReadAction\",\"target\":[\"https:\\\/\\\/asofuer.com\\\/?p=7537\"]}]},{\"@type\":\"ImageObject\",\"inLanguage\":\"es\",\"@id\":\"https:\\\/\\\/asofuer.com\\\/?p=7537#primaryimage\",\"url\":\"https:\\\/\\\/asofuer.com\\\/wp-content\\\/uploads\\\/2025\\\/02\\\/20250220_091541-scaled.jpg\",\"contentUrl\":\"https:\\\/\\\/asofuer.com\\\/wp-content\\\/uploads\\\/2025\\\/02\\\/20250220_091541-scaled.jpg\",\"width\":2560,\"height\":1442},{\"@type\":\"BreadcrumbList\",\"@id\":\"https:\\\/\\\/asofuer.com\\\/?p=7537#breadcrumb\",\"itemListElement\":[{\"@type\":\"ListItem\",\"position\":1,\"name\":\"Portada\",\"item\":\"https:\\\/\\\/asofuer.com\\\/\"},{\"@type\":\"ListItem\",\"position\":2,\"name\":\"Desayunos Laborales 2025: Reducci\u00f3n de Jornada y Salario M\u00ednimo en el Centro del Debate Empresarial\"}]},{\"@type\":\"WebSite\",\"@id\":\"https:\\\/\\\/asofuer.com\\\/#website\",\"url\":\"https:\\\/\\\/asofuer.com\\\/\",\"name\":\"ASOFUER\",\"description\":\"Asociaci\u00f3n de Empresarias y Empresarios Tur\u00edsticos de Fuerteventura\",\"potentialAction\":[{\"@type\":\"SearchAction\",\"target\":{\"@type\":\"EntryPoint\",\"urlTemplate\":\"https:\\\/\\\/asofuer.com\\\/?s={search_term_string}\"},\"query-input\":{\"@type\":\"PropertyValueSpecification\",\"valueRequired\":true,\"valueName\":\"search_term_string\"}}],\"inLanguage\":\"es\"},{\"@type\":\"Person\",\"@id\":\"https:\\\/\\\/asofuer.com\\\/#\\\/schema\\\/person\\\/54d1eb5dec7f5f199ebfb05a76d21fc3\",\"name\":\"DOVILE\",\"image\":{\"@type\":\"ImageObject\",\"inLanguage\":\"es\",\"@id\":\"https:\\\/\\\/secure.gravatar.com\\\/avatar\\\/c1fa297350e58fd0eab31c910b9c0aae5bbf846e07092890f9384cfdf9ca732a?s=96&d=mm&r=g\",\"url\":\"https:\\\/\\\/secure.gravatar.com\\\/avatar\\\/c1fa297350e58fd0eab31c910b9c0aae5bbf846e07092890f9384cfdf9ca732a?s=96&d=mm&r=g\",\"contentUrl\":\"https:\\\/\\\/secure.gravatar.com\\\/avatar\\\/c1fa297350e58fd0eab31c910b9c0aae5bbf846e07092890f9384cfdf9ca732a?s=96&d=mm&r=g\",\"caption\":\"DOVILE\"},\"url\":\"https:\\\/\\\/asofuer.com\\\/?author=5\"}]}<\/script>\n<!-- \/ Yoast SEO plugin. -->","yoast_head_json":{"title":"Desayunos Laborales 2025: Reducci\u00f3n de Jornada y Salario M\u00ednimo en el Centro del Debate Empresarial - ASOFUER","robots":{"index":"index","follow":"follow","max-snippet":"max-snippet:-1","max-image-preview":"max-image-preview:large","max-video-preview":"max-video-preview:-1"},"canonical":"https:\/\/asofuer.com\/?p=7537","og_locale":"es_ES","og_type":"article","og_title":"Desayunos Laborales 2025: Reducci\u00f3n de Jornada y Salario M\u00ednimo en el Centro del Debate Empresarial - ASOFUER","og_description":"Fuerteventura, 22 de febrero de 2025 \u2013 Los Desayunos Laborales de GEHOCAN han concluido su d\u00e9cima edici\u00f3n en un evento que ha reunido a profesionales del \u00e1mbito laboral en el Palacio de Formaci\u00f3n y Congresos de Fuerteventura. Organizado en colaboraci\u00f3n con ASOFUER, este encuentro anual ha sido una oportunidad crucial para abordar los cambios legislativos [&hellip;]","og_url":"https:\/\/asofuer.com\/?p=7537","og_site_name":"ASOFUER","article_published_time":"2025-02-25T09:35:25+00:00","og_image":[{"width":2560,"height":1442,"url":"https:\/\/asofuer.com\/wp-content\/uploads\/2025\/02\/20250220_091541-scaled.jpg","type":"image\/jpeg"}],"author":"DOVILE","twitter_card":"summary_large_image","twitter_misc":{"Escrito por":"DOVILE","Tiempo de lectura":"3 minutos"},"schema":{"@context":"https:\/\/schema.org","@graph":[{"@type":"Article","@id":"https:\/\/asofuer.com\/?p=7537#article","isPartOf":{"@id":"https:\/\/asofuer.com\/?p=7537"},"author":{"name":"DOVILE","@id":"https:\/\/asofuer.com\/#\/schema\/person\/54d1eb5dec7f5f199ebfb05a76d21fc3"},"headline":"Desayunos Laborales 2025: Reducci\u00f3n de Jornada y Salario M\u00ednimo en el Centro del Debate Empresarial","datePublished":"2025-02-25T09:35:25+00:00","mainEntityOfPage":{"@id":"https:\/\/asofuer.com\/?p=7537"},"wordCount":544,"commentCount":0,"image":{"@id":"https:\/\/asofuer.com\/?p=7537#primaryimage"},"thumbnailUrl":"https:\/\/asofuer.com\/wp-content\/uploads\/2025\/02\/20250220_091541-scaled.jpg","keywords":["Asofuer","desyuno laboral","Gehocan"],"articleSection":["Empleo"],"inLanguage":"es","potentialAction":[{"@type":"CommentAction","name":"Comment","target":["https:\/\/asofuer.com\/?p=7537#respond"]}]},{"@type":"WebPage","@id":"https:\/\/asofuer.com\/?p=7537","url":"https:\/\/asofuer.com\/?p=7537","name":"Desayunos Laborales 2025: Reducci\u00f3n de Jornada y Salario M\u00ednimo en el Centro del Debate Empresarial - ASOFUER","isPartOf":{"@id":"https:\/\/asofuer.com\/#website"},"primaryImageOfPage":{"@id":"https:\/\/asofuer.com\/?p=7537#primaryimage"},"image":{"@id":"https:\/\/asofuer.com\/?p=7537#primaryimage"},"thumbnailUrl":"https:\/\/asofuer.com\/wp-content\/uploads\/2025\/02\/20250220_091541-scaled.jpg","datePublished":"2025-02-25T09:35:25+00:00","author":{"@id":"https:\/\/asofuer.com\/#\/schema\/person\/54d1eb5dec7f5f199ebfb05a76d21fc3"},"breadcrumb":{"@id":"https:\/\/asofuer.com\/?p=7537#breadcrumb"},"inLanguage":"es","potentialAction":[{"@type":"ReadAction","target":["https:\/\/asofuer.com\/?p=7537"]}]},{"@type":"ImageObject","inLanguage":"es","@id":"https:\/\/asofuer.com\/?p=7537#primaryimage","url":"https:\/\/asofuer.com\/wp-content\/uploads\/2025\/02\/20250220_091541-scaled.jpg","contentUrl":"https:\/\/asofuer.com\/wp-content\/uploads\/2025\/02\/20250220_091541-scaled.jpg","width":2560,"height":1442},{"@type":"BreadcrumbList","@id":"https:\/\/asofuer.com\/?p=7537#breadcrumb","itemListElement":[{"@type":"ListItem","position":1,"name":"Portada","item":"https:\/\/asofuer.com\/"},{"@type":"ListItem","position":2,"name":"Desayunos Laborales 2025: Reducci\u00f3n de Jornada y Salario M\u00ednimo en el Centro del Debate Empresarial"}]},{"@type":"WebSite","@id":"https:\/\/asofuer.com\/#website","url":"https:\/\/asofuer.com\/","name":"ASOFUER","description":"Asociaci\u00f3n de Empresarias y Empresarios Tur\u00edsticos de Fuerteventura","potentialAction":[{"@type":"SearchAction","target":{"@type":"EntryPoint","urlTemplate":"https:\/\/asofuer.com\/?s={search_term_string}"},"query-input":{"@type":"PropertyValueSpecification","valueRequired":true,"valueName":"search_term_string"}}],"inLanguage":"es"},{"@type":"Person","@id":"https:\/\/asofuer.com\/#\/schema\/person\/54d1eb5dec7f5f199ebfb05a76d21fc3","name":"DOVILE","image":{"@type":"ImageObject","inLanguage":"es","@id":"https:\/\/secure.gravatar.com\/avatar\/c1fa297350e58fd0eab31c910b9c0aae5bbf846e07092890f9384cfdf9ca732a?s=96&d=mm&r=g","url":"https:\/\/secure.gravatar.com\/avatar\/c1fa297350e58fd0eab31c910b9c0aae5bbf846e07092890f9384cfdf9ca732a?s=96&d=mm&r=g","contentUrl":"https:\/\/secure.gravatar.com\/avatar\/c1fa297350e58fd0eab31c910b9c0aae5bbf846e07092890f9384cfdf9ca732a?s=96&d=mm&r=g","caption":"DOVILE"},"url":"https:\/\/asofuer.com\/?author=5"}]}},"jetpack_featured_media_url":"https:\/\/asofuer.com\/wp-content\/uploads\/2025\/02\/20250220_091541-scaled.jpg","jetpack_sharing_enabled":true,"_links":{"self":[{"href":"https:\/\/asofuer.com\/index.php?rest_route=\/wp\/v2\/posts\/7537","targetHints":{"allow":["GET"]}}],"collection":[{"href":"https:\/\/asofuer.com\/index.php?rest_route=\/wp\/v2\/posts"}],"about":[{"href":"https:\/\/asofuer.com\/index.php?rest_route=\/wp\/v2\/types\/post"}],"author":[{"embeddable":true,"href":"https:\/\/asofuer.com\/index.php?rest_route=\/wp\/v2\/users\/5"}],"replies":[{"embeddable":true,"href":"https:\/\/asofuer.com\/index.php?rest_route=%2Fwp%2Fv2%2Fcomments&post=7537"}],"version-history":[{"count":1,"href":"https:\/\/asofuer.com\/index.php?rest_route=\/wp\/v2\/posts\/7537\/revisions"}],"predecessor-version":[{"id":7539,"href":"https:\/\/asofuer.com\/index.php?rest_route=\/wp\/v2\/posts\/7537\/revisions\/7539"}],"wp:featuredmedia":[{"embeddable":true,"href":"https:\/\/asofuer.com\/index.php?rest_route=\/wp\/v2\/media\/7538"}],"wp:attachment":[{"href":"https:\/\/asofuer.com\/index.php?rest_route=%2Fwp%2Fv2%2Fmedia&parent=7537"}],"wp:term":[{"taxonomy":"category","embeddable":true,"href":"https:\/\/asofuer.com\/index.php?rest_route=%2Fwp%2Fv2%2Fcategories&post=7537"},{"taxonomy":"post_tag","embeddable":true,"href":"https:\/\/asofuer.com\/index.php?rest_route=%2Fwp%2Fv2%2Ftags&post=7537"}],"curies":[{"name":"wp","href":"https:\/\/api.w.org\/{rel}","templated":true}]}}