{"id":7392,"date":"2024-01-29T13:28:03","date_gmt":"2024-01-29T13:28:03","guid":{"rendered":"https:\/\/asofuer.com\/?p=7392"},"modified":"2024-02-07T13:32:33","modified_gmt":"2024-02-07T13:32:33","slug":"tourx-toma-el-centro-del-escenario-en-fitur-2024","status":"publish","type":"post","link":"https:\/\/asofuer.com\/?p=7392","title":{"rendered":"TourX toma el centro del escenario en Fitur 2024"},"content":{"rendered":"<p>Aun nos emociona compartir nuestra experiencia en Fitur 2024, donde presentamos TourX, el innovador proyecto de excelencia tur\u00edstica que lideramos en Fuerteventura.<br \/>\nTourX forma parte de la iniciativa Erasmus+ CoVE, cuyo objetivo es establecer ecosistemas de competencias en cuatro regiones europeas: \u00c1tica en Grecia, V\u00e9neto en Italia, Brandemburgo en Alemania y Fuerteventura en Espa\u00f1a.<\/p>\n<p>El proyecto implica la colaboraci\u00f3n de instituciones educativas, autoridades p\u00fablicas y agentes del sector privado para desarrollar y aplicar nuevos planes de estudios, programas de formaci\u00f3n y sistemas de certificaci\u00f3n para profesionales del turismo.<\/p>\n<p>Expusimos los logros y retos del proyecto, as\u00ed como las oportunidades y beneficios que ofrece para la industria tur\u00edstica y la comunidad local. Tambi\u00e9n anunciamos que Fuerteventura acoger\u00e1 la pr\u00f3xima reuni\u00f3n de los socios del proyecto en 2024, con la participaci\u00f3n de representantes de China, un mercado estrat\u00e9gico para la isla.<\/p>\n<p>TourX es un proyecto visionario que tiene como objetivo mejorar la calidad y la competitividad del turismo en Fuerteventura y m\u00e1s all\u00e1, fomentando la innovaci\u00f3n, la digitalizaci\u00f3n, la sostenibilidad y la inclusi\u00f3n social. Estamos orgullosos de formar parte de esta iniciativa y contribuir al desarrollo del sector tur\u00edstico en Canarias y Europa.<\/p>\n<p>Durante el evento, tambi\u00e9n tuvimos la oportunidad de reunirnos con otros socios del proyecto TourX, como Mundus, una asociaci\u00f3n especializada en proyectos Erasmus+ y que coordina la iniciativa CoVE a nivel europeo. Mundus ha estado trabajando estrechamente con nosotros para apoyar la implementaci\u00f3n del proyecto TourX en Fuerteventura.<\/p>\n<p>Tambi\u00e9n nos reunimos con Juanma Revuelta, CEO de Finnova, una fundaci\u00f3n europea que apoya la financiaci\u00f3n de la innovaci\u00f3n en empresas, regiones y municipios y empresas que desarrollan soluciones tecnol\u00f3gicas para el sector tur\u00edstico. Intercambiamos opiniones y experiencias sobre los retos y oportunidades a los que se enfrenta la industria tur\u00edstica en el contexto actual, y el potencial del proyecto TourX para contribuir al desarrollo del sector en Canarias y Europa.<\/p>\n","protected":false},"excerpt":{"rendered":"<p>Aun nos emociona compartir nuestra experiencia en Fitur 2024, donde presentamos TourX, el innovador proyecto de excelencia tur\u00edstica que lideramos en Fuerteventura. TourX forma parte de la iniciativa Erasmus+ CoVE, cuyo objetivo es establecer ecosistemas de competencias en cuatro regiones europeas: \u00c1tica en Grecia, V\u00e9neto en Italia, Brandemburgo en Alemania y Fuerteventura en Espa\u00f1a. El [&hellip;]<\/p>\n","protected":false},"author":5,"featured_media":7396,"comment_status":"open","ping_status":"open","sticky":false,"template":"","format":"standard","meta":{"inline_featured_image":false,"_jetpack_memberships_contains_paid_content":false,"footnotes":""},"categories":[1],"tags":[210,208,209,207,205],"class_list":["post-7392","post","type-post","status-publish","format-standard","has-post-thumbnail","hentry","category-turismo","tag-asofuer","tag-feria","tag-fitur","tag-fuerteventura","tag-tourx"],"yoast_head":"<!-- This site is optimized with the Yoast SEO plugin v27.5 - https:\/\/yoast.com\/product\/yoast-seo-wordpress\/ -->\n<title>TourX toma el centro del escenario en Fitur 2024 - ASOFUER<\/title>\n<meta name=\"robots\" content=\"index, follow, max-snippet:-1, max-image-preview:large, max-video-preview:-1\" \/>\n<link rel=\"canonical\" href=\"https:\/\/asofuer.com\/?p=7392\" \/>\n<meta property=\"og:locale\" content=\"es_ES\" \/>\n<meta property=\"og:type\" content=\"article\" \/>\n<meta property=\"og:title\" content=\"TourX toma el centro del escenario en Fitur 2024 - ASOFUER\" \/>\n<meta property=\"og:description\" content=\"Aun nos emociona compartir nuestra experiencia en Fitur 2024, donde presentamos TourX, el innovador proyecto de excelencia tur\u00edstica que lideramos en Fuerteventura. TourX forma parte de la iniciativa Erasmus+ CoVE, cuyo objetivo es establecer ecosistemas de competencias en cuatro regiones europeas: \u00c1tica en Grecia, V\u00e9neto en Italia, Brandemburgo en Alemania y Fuerteventura en Espa\u00f1a. El [&hellip;]\" \/>\n<meta property=\"og:url\" content=\"https:\/\/asofuer.com\/?p=7392\" \/>\n<meta property=\"og:site_name\" content=\"ASOFUER\" \/>\n<meta property=\"article:published_time\" content=\"2024-01-29T13:28:03+00:00\" \/>\n<meta property=\"article:modified_time\" content=\"2024-02-07T13:32:33+00:00\" \/>\n<meta property=\"og:image\" content=\"https:\/\/asofuer.com\/wp-content\/uploads\/2024\/02\/IMG_3342_ok-scaled.jpg\" \/>\n\t<meta property=\"og:image:width\" content=\"2560\" \/>\n\t<meta property=\"og:image:height\" content=\"1920\" \/>\n\t<meta property=\"og:image:type\" content=\"image\/jpeg\" \/>\n<meta name=\"author\" content=\"DOVILE\" \/>\n<meta name=\"twitter:card\" content=\"summary_large_image\" \/>\n<meta name=\"twitter:label1\" content=\"Escrito por\" \/>\n\t<meta name=\"twitter:data1\" content=\"DOVILE\" \/>\n\t<meta name=\"twitter:label2\" content=\"Tiempo de lectura\" \/>\n\t<meta name=\"twitter:data2\" content=\"2 minutos\" \/>\n<script type=\"application\/ld+json\" class=\"yoast-schema-graph\">{\"@context\":\"https:\\\/\\\/schema.org\",\"@graph\":[{\"@type\":\"Article\",\"@id\":\"https:\\\/\\\/asofuer.com\\\/?p=7392#article\",\"isPartOf\":{\"@id\":\"https:\\\/\\\/asofuer.com\\\/?p=7392\"},\"author\":{\"name\":\"DOVILE\",\"@id\":\"https:\\\/\\\/asofuer.com\\\/#\\\/schema\\\/person\\\/54d1eb5dec7f5f199ebfb05a76d21fc3\"},\"headline\":\"TourX toma el centro del escenario en Fitur 2024\",\"datePublished\":\"2024-01-29T13:28:03+00:00\",\"dateModified\":\"2024-02-07T13:32:33+00:00\",\"mainEntityOfPage\":{\"@id\":\"https:\\\/\\\/asofuer.com\\\/?p=7392\"},\"wordCount\":344,\"commentCount\":1,\"image\":{\"@id\":\"https:\\\/\\\/asofuer.com\\\/?p=7392#primaryimage\"},\"thumbnailUrl\":\"https:\\\/\\\/asofuer.com\\\/wp-content\\\/uploads\\\/2024\\\/02\\\/IMG_3342_ok-scaled.jpg\",\"keywords\":[\"Asofuer\",\"Feria\",\"Fitur\",\"Fuerteventura\",\"Tourx\"],\"articleSection\":[\"Turismo\"],\"inLanguage\":\"es\",\"potentialAction\":[{\"@type\":\"CommentAction\",\"name\":\"Comment\",\"target\":[\"https:\\\/\\\/asofuer.com\\\/?p=7392#respond\"]}]},{\"@type\":\"WebPage\",\"@id\":\"https:\\\/\\\/asofuer.com\\\/?p=7392\",\"url\":\"https:\\\/\\\/asofuer.com\\\/?p=7392\",\"name\":\"TourX toma el centro del escenario en Fitur 2024 - ASOFUER\",\"isPartOf\":{\"@id\":\"https:\\\/\\\/asofuer.com\\\/#website\"},\"primaryImageOfPage\":{\"@id\":\"https:\\\/\\\/asofuer.com\\\/?p=7392#primaryimage\"},\"image\":{\"@id\":\"https:\\\/\\\/asofuer.com\\\/?p=7392#primaryimage\"},\"thumbnailUrl\":\"https:\\\/\\\/asofuer.com\\\/wp-content\\\/uploads\\\/2024\\\/02\\\/IMG_3342_ok-scaled.jpg\",\"datePublished\":\"2024-01-29T13:28:03+00:00\",\"dateModified\":\"2024-02-07T13:32:33+00:00\",\"author\":{\"@id\":\"https:\\\/\\\/asofuer.com\\\/#\\\/schema\\\/person\\\/54d1eb5dec7f5f199ebfb05a76d21fc3\"},\"breadcrumb\":{\"@id\":\"https:\\\/\\\/asofuer.com\\\/?p=7392#breadcrumb\"},\"inLanguage\":\"es\",\"potentialAction\":[{\"@type\":\"ReadAction\",\"target\":[\"https:\\\/\\\/asofuer.com\\\/?p=7392\"]}]},{\"@type\":\"ImageObject\",\"inLanguage\":\"es\",\"@id\":\"https:\\\/\\\/asofuer.com\\\/?p=7392#primaryimage\",\"url\":\"https:\\\/\\\/asofuer.com\\\/wp-content\\\/uploads\\\/2024\\\/02\\\/IMG_3342_ok-scaled.jpg\",\"contentUrl\":\"https:\\\/\\\/asofuer.com\\\/wp-content\\\/uploads\\\/2024\\\/02\\\/IMG_3342_ok-scaled.jpg\",\"width\":2560,\"height\":1920},{\"@type\":\"BreadcrumbList\",\"@id\":\"https:\\\/\\\/asofuer.com\\\/?p=7392#breadcrumb\",\"itemListElement\":[{\"@type\":\"ListItem\",\"position\":1,\"name\":\"Portada\",\"item\":\"https:\\\/\\\/asofuer.com\\\/\"},{\"@type\":\"ListItem\",\"position\":2,\"name\":\"TourX toma el centro del escenario en Fitur 2024\"}]},{\"@type\":\"WebSite\",\"@id\":\"https:\\\/\\\/asofuer.com\\\/#website\",\"url\":\"https:\\\/\\\/asofuer.com\\\/\",\"name\":\"ASOFUER\",\"description\":\"Asociaci\u00f3n de Empresarias y Empresarios Tur\u00edsticos de Fuerteventura\",\"potentialAction\":[{\"@type\":\"SearchAction\",\"target\":{\"@type\":\"EntryPoint\",\"urlTemplate\":\"https:\\\/\\\/asofuer.com\\\/?s={search_term_string}\"},\"query-input\":{\"@type\":\"PropertyValueSpecification\",\"valueRequired\":true,\"valueName\":\"search_term_string\"}}],\"inLanguage\":\"es\"},{\"@type\":\"Person\",\"@id\":\"https:\\\/\\\/asofuer.com\\\/#\\\/schema\\\/person\\\/54d1eb5dec7f5f199ebfb05a76d21fc3\",\"name\":\"DOVILE\",\"image\":{\"@type\":\"ImageObject\",\"inLanguage\":\"es\",\"@id\":\"https:\\\/\\\/secure.gravatar.com\\\/avatar\\\/c1fa297350e58fd0eab31c910b9c0aae5bbf846e07092890f9384cfdf9ca732a?s=96&d=mm&r=g\",\"url\":\"https:\\\/\\\/secure.gravatar.com\\\/avatar\\\/c1fa297350e58fd0eab31c910b9c0aae5bbf846e07092890f9384cfdf9ca732a?s=96&d=mm&r=g\",\"contentUrl\":\"https:\\\/\\\/secure.gravatar.com\\\/avatar\\\/c1fa297350e58fd0eab31c910b9c0aae5bbf846e07092890f9384cfdf9ca732a?s=96&d=mm&r=g\",\"caption\":\"DOVILE\"},\"url\":\"https:\\\/\\\/asofuer.com\\\/?author=5\"}]}<\/script>\n<!-- \/ Yoast SEO plugin. -->","yoast_head_json":{"title":"TourX toma el centro del escenario en Fitur 2024 - ASOFUER","robots":{"index":"index","follow":"follow","max-snippet":"max-snippet:-1","max-image-preview":"max-image-preview:large","max-video-preview":"max-video-preview:-1"},"canonical":"https:\/\/asofuer.com\/?p=7392","og_locale":"es_ES","og_type":"article","og_title":"TourX toma el centro del escenario en Fitur 2024 - ASOFUER","og_description":"Aun nos emociona compartir nuestra experiencia en Fitur 2024, donde presentamos TourX, el innovador proyecto de excelencia tur\u00edstica que lideramos en Fuerteventura. TourX forma parte de la iniciativa Erasmus+ CoVE, cuyo objetivo es establecer ecosistemas de competencias en cuatro regiones europeas: \u00c1tica en Grecia, V\u00e9neto en Italia, Brandemburgo en Alemania y Fuerteventura en Espa\u00f1a. El [&hellip;]","og_url":"https:\/\/asofuer.com\/?p=7392","og_site_name":"ASOFUER","article_published_time":"2024-01-29T13:28:03+00:00","article_modified_time":"2024-02-07T13:32:33+00:00","og_image":[{"width":2560,"height":1920,"url":"https:\/\/asofuer.com\/wp-content\/uploads\/2024\/02\/IMG_3342_ok-scaled.jpg","type":"image\/jpeg"}],"author":"DOVILE","twitter_card":"summary_large_image","twitter_misc":{"Escrito por":"DOVILE","Tiempo de lectura":"2 minutos"},"schema":{"@context":"https:\/\/schema.org","@graph":[{"@type":"Article","@id":"https:\/\/asofuer.com\/?p=7392#article","isPartOf":{"@id":"https:\/\/asofuer.com\/?p=7392"},"author":{"name":"DOVILE","@id":"https:\/\/asofuer.com\/#\/schema\/person\/54d1eb5dec7f5f199ebfb05a76d21fc3"},"headline":"TourX toma el centro del escenario en Fitur 2024","datePublished":"2024-01-29T13:28:03+00:00","dateModified":"2024-02-07T13:32:33+00:00","mainEntityOfPage":{"@id":"https:\/\/asofuer.com\/?p=7392"},"wordCount":344,"commentCount":1,"image":{"@id":"https:\/\/asofuer.com\/?p=7392#primaryimage"},"thumbnailUrl":"https:\/\/asofuer.com\/wp-content\/uploads\/2024\/02\/IMG_3342_ok-scaled.jpg","keywords":["Asofuer","Feria","Fitur","Fuerteventura","Tourx"],"articleSection":["Turismo"],"inLanguage":"es","potentialAction":[{"@type":"CommentAction","name":"Comment","target":["https:\/\/asofuer.com\/?p=7392#respond"]}]},{"@type":"WebPage","@id":"https:\/\/asofuer.com\/?p=7392","url":"https:\/\/asofuer.com\/?p=7392","name":"TourX toma el centro del escenario en Fitur 2024 - ASOFUER","isPartOf":{"@id":"https:\/\/asofuer.com\/#website"},"primaryImageOfPage":{"@id":"https:\/\/asofuer.com\/?p=7392#primaryimage"},"image":{"@id":"https:\/\/asofuer.com\/?p=7392#primaryimage"},"thumbnailUrl":"https:\/\/asofuer.com\/wp-content\/uploads\/2024\/02\/IMG_3342_ok-scaled.jpg","datePublished":"2024-01-29T13:28:03+00:00","dateModified":"2024-02-07T13:32:33+00:00","author":{"@id":"https:\/\/asofuer.com\/#\/schema\/person\/54d1eb5dec7f5f199ebfb05a76d21fc3"},"breadcrumb":{"@id":"https:\/\/asofuer.com\/?p=7392#breadcrumb"},"inLanguage":"es","potentialAction":[{"@type":"ReadAction","target":["https:\/\/asofuer.com\/?p=7392"]}]},{"@type":"ImageObject","inLanguage":"es","@id":"https:\/\/asofuer.com\/?p=7392#primaryimage","url":"https:\/\/asofuer.com\/wp-content\/uploads\/2024\/02\/IMG_3342_ok-scaled.jpg","contentUrl":"https:\/\/asofuer.com\/wp-content\/uploads\/2024\/02\/IMG_3342_ok-scaled.jpg","width":2560,"height":1920},{"@type":"BreadcrumbList","@id":"https:\/\/asofuer.com\/?p=7392#breadcrumb","itemListElement":[{"@type":"ListItem","position":1,"name":"Portada","item":"https:\/\/asofuer.com\/"},{"@type":"ListItem","position":2,"name":"TourX toma el centro del escenario en Fitur 2024"}]},{"@type":"WebSite","@id":"https:\/\/asofuer.com\/#website","url":"https:\/\/asofuer.com\/","name":"ASOFUER","description":"Asociaci\u00f3n de Empresarias y Empresarios Tur\u00edsticos de Fuerteventura","potentialAction":[{"@type":"SearchAction","target":{"@type":"EntryPoint","urlTemplate":"https:\/\/asofuer.com\/?s={search_term_string}"},"query-input":{"@type":"PropertyValueSpecification","valueRequired":true,"valueName":"search_term_string"}}],"inLanguage":"es"},{"@type":"Person","@id":"https:\/\/asofuer.com\/#\/schema\/person\/54d1eb5dec7f5f199ebfb05a76d21fc3","name":"DOVILE","image":{"@type":"ImageObject","inLanguage":"es","@id":"https:\/\/secure.gravatar.com\/avatar\/c1fa297350e58fd0eab31c910b9c0aae5bbf846e07092890f9384cfdf9ca732a?s=96&d=mm&r=g","url":"https:\/\/secure.gravatar.com\/avatar\/c1fa297350e58fd0eab31c910b9c0aae5bbf846e07092890f9384cfdf9ca732a?s=96&d=mm&r=g","contentUrl":"https:\/\/secure.gravatar.com\/avatar\/c1fa297350e58fd0eab31c910b9c0aae5bbf846e07092890f9384cfdf9ca732a?s=96&d=mm&r=g","caption":"DOVILE"},"url":"https:\/\/asofuer.com\/?author=5"}]}},"jetpack_featured_media_url":"https:\/\/asofuer.com\/wp-content\/uploads\/2024\/02\/IMG_3342_ok-scaled.jpg","jetpack_sharing_enabled":true,"_links":{"self":[{"href":"https:\/\/asofuer.com\/index.php?rest_route=\/wp\/v2\/posts\/7392","targetHints":{"allow":["GET"]}}],"collection":[{"href":"https:\/\/asofuer.com\/index.php?rest_route=\/wp\/v2\/posts"}],"about":[{"href":"https:\/\/asofuer.com\/index.php?rest_route=\/wp\/v2\/types\/post"}],"author":[{"embeddable":true,"href":"https:\/\/asofuer.com\/index.php?rest_route=\/wp\/v2\/users\/5"}],"replies":[{"embeddable":true,"href":"https:\/\/asofuer.com\/index.php?rest_route=%2Fwp%2Fv2%2Fcomments&post=7392"}],"version-history":[{"count":1,"href":"https:\/\/asofuer.com\/index.php?rest_route=\/wp\/v2\/posts\/7392\/revisions"}],"predecessor-version":[{"id":7397,"href":"https:\/\/asofuer.com\/index.php?rest_route=\/wp\/v2\/posts\/7392\/revisions\/7397"}],"wp:featuredmedia":[{"embeddable":true,"href":"https:\/\/asofuer.com\/index.php?rest_route=\/wp\/v2\/media\/7396"}],"wp:attachment":[{"href":"https:\/\/asofuer.com\/index.php?rest_route=%2Fwp%2Fv2%2Fmedia&parent=7392"}],"wp:term":[{"taxonomy":"category","embeddable":true,"href":"https:\/\/asofuer.com\/index.php?rest_route=%2Fwp%2Fv2%2Fcategories&post=7392"},{"taxonomy":"post_tag","embeddable":true,"href":"https:\/\/asofuer.com\/index.php?rest_route=%2Fwp%2Fv2%2Ftags&post=7392"}],"curies":[{"name":"wp","href":"https:\/\/api.w.org\/{rel}","templated":true}]}}